{"id":3216,"date":"2023-09-29T15:02:35","date_gmt":"2023-09-29T13:02:35","guid":{"rendered":"https:\/\/www.werkskapelle.de\/?p=3216"},"modified":"2023-10-17T11:42:14","modified_gmt":"2023-10-17T09:42:14","slug":"neue-fotos-zum-jubilaeum","status":"publish","type":"post","link":"https:\/\/www.werkskapelle.de\/index.php\/neue-fotos-zum-jubilaeum\/","title":{"rendered":"Neue Fotos zum Jubil\u00e4um"},"content":{"rendered":"\n<p>P\u00fcnktlich zum 90. Geburtstag der Werkskapelle sind nun auch die offiziellen Fotos der Musikerinnen und Musiker verf\u00fcgbar. Neben dem Jubil\u00e4umspin und der Festschrift, k\u00f6nnen nun auch die Register, der Vorstand und der Kapellmeister im Jubil\u00e4umsjahr betrachtet werden. Alle Fotos sind jetzt unter <a href=\"https:\/\/www.werkskapelle.de\/index.php\/galerie\/\" title=\"\">MEDIA<\/a> zu finden.<\/p>\n","protected":false},"excerpt":{"rendered":"<p>P\u00fcnktlich zum 90. Geburtstag der Werkskapelle sind nun auch die offiziellen Fotos der Musikerinnen und Musiker verf\u00fcgbar. Neben dem Jubil\u00e4umspin [&hellip;]<\/p>\n","protected":false},"author":6,"featured_media":3202,"comment_status":"open","ping_status":"open","sticky":false,"template":"","format":"standard","meta":{"_monsterinsights_skip_tracking":false},"categories":[1],"tags":[],"aioseo_notices":[],"aioseo_head":"\n\t\t<!-- All in One SEO 4.9.9 - aioseo.com -->\n\t<meta name=\"description\" content=\"P\u00fcnktlich zum 90. Geburtstag der Werkskapelle sind nun auch die offiziellen Fotos der Musikerinnen und Musiker verf\u00fcgbar. Neben dem Jubil\u00e4umspin und der Festschrift, k\u00f6nnen nun auch die Register, der Vorstand und der Kapellmeister im Jubil\u00e4umsjahr betrachtet werden. Alle Fotos sind jetzt unter MEDIA zu finden. #\" \/>\n\t<meta name=\"robots\" content=\"max-image-preview:large\" \/>\n\t<meta name=\"author\" content=\"Niklas Gorgs\"\/>\n\t<link rel=\"canonical\" href=\"https:\/\/www.werkskapelle.de\/index.php\/neue-fotos-zum-jubilaeum\/\" \/>\n\t<meta name=\"generator\" content=\"All in One SEO (AIOSEO) 4.9.9\" \/>\n\t\t<meta property=\"og:locale\" content=\"de_DE\" \/>\n\t\t<meta property=\"og:site_name\" content=\"Werkskapelle B\u00f6hler D\u00fcsseldorf - Sinfonisches Blasorchester B\u00f6hler\" \/>\n\t\t<meta property=\"og:type\" content=\"article\" \/>\n\t\t<meta property=\"og:title\" content=\"Neue Fotos zum Jubil\u00e4um - Werkskapelle B\u00f6hler D\u00fcsseldorf\" \/>\n\t\t<meta property=\"og:description\" content=\"P\u00fcnktlich zum 90. Geburtstag der Werkskapelle sind nun auch die offiziellen Fotos der Musikerinnen und Musiker verf\u00fcgbar. Neben dem Jubil\u00e4umspin und der Festschrift, k\u00f6nnen nun auch die Register, der Vorstand und der Kapellmeister im Jubil\u00e4umsjahr betrachtet werden. Alle Fotos sind jetzt unter MEDIA zu finden. #\" \/>\n\t\t<meta property=\"og:url\" content=\"https:\/\/www.werkskapelle.de\/index.php\/neue-fotos-zum-jubilaeum\/\" \/>\n\t\t<meta property=\"og:image\" content=\"https:\/\/www.werkskapelle.de\/wp-content\/uploads\/2016\/01\/cropped-Logo2016-09.png\" \/>\n\t\t<meta property=\"og:image:secure_url\" content=\"https:\/\/www.werkskapelle.de\/wp-content\/uploads\/2016\/01\/cropped-Logo2016-09.png\" \/>\n\t\t<meta property=\"og:image:width\" content=\"512\" \/>\n\t\t<meta property=\"og:image:height\" content=\"512\" \/>\n\t\t<meta property=\"article:published_time\" content=\"2023-09-29T13:02:35+00:00\" \/>\n\t\t<meta property=\"article:modified_time\" content=\"2023-10-17T09:42:14+00:00\" \/>\n\t\t<meta property=\"article:publisher\" content=\"https:\/\/facebook.com\/werkskapelle\/\" \/>\n\t\t<meta name=\"twitter:card\" content=\"summary_large_image\" \/>\n\t\t<meta name=\"twitter:title\" content=\"Neue Fotos zum Jubil\u00e4um - Werkskapelle B\u00f6hler D\u00fcsseldorf\" \/>\n\t\t<meta name=\"twitter:description\" content=\"P\u00fcnktlich zum 90. Geburtstag der Werkskapelle sind nun auch die offiziellen Fotos der Musikerinnen und Musiker verf\u00fcgbar. Neben dem Jubil\u00e4umspin und der Festschrift, k\u00f6nnen nun auch die Register, der Vorstand und der Kapellmeister im Jubil\u00e4umsjahr betrachtet werden. Alle Fotos sind jetzt unter MEDIA zu finden. #\" \/>\n\t\t<meta name=\"twitter:image\" content=\"https:\/\/www.werkskapelle.de\/wp-content\/uploads\/2016\/01\/cropped-Logo2016-09.png\" \/>\n\t\t<script type=\"application\/ld+json\" class=\"aioseo-schema\">\n\t\t\t{\"@context\":\"https:\\\/\\\/schema.org\",\"@graph\":[{\"@type\":\"BlogPosting\",\"@id\":\"https:\\\/\\\/www.werkskapelle.de\\\/index.php\\\/neue-fotos-zum-jubilaeum\\\/#blogposting\",\"name\":\"Neue Fotos zum Jubil\\u00e4um - Werkskapelle B\\u00f6hler D\\u00fcsseldorf\",\"headline\":\"Neue Fotos zum Jubil\\u00e4um\",\"author\":{\"@id\":\"https:\\\/\\\/www.werkskapelle.de\\\/index.php\\\/author\\\/niklas\\\/#author\"},\"publisher\":{\"@id\":\"https:\\\/\\\/www.werkskapelle.de\\\/#organization\"},\"image\":{\"@type\":\"ImageObject\",\"url\":\"https:\\\/\\\/www.werkskapelle.de\\\/wp-content\\\/uploads\\\/2023\\\/09\\\/20230903-CYG07620.jpg\",\"width\":6000,\"height\":4000},\"datePublished\":\"2023-09-29T15:02:35+02:00\",\"dateModified\":\"2023-10-17T11:42:14+02:00\",\"inLanguage\":\"de-DE\",\"mainEntityOfPage\":{\"@id\":\"https:\\\/\\\/www.werkskapelle.de\\\/index.php\\\/neue-fotos-zum-jubilaeum\\\/#webpage\"},\"isPartOf\":{\"@id\":\"https:\\\/\\\/www.werkskapelle.de\\\/index.php\\\/neue-fotos-zum-jubilaeum\\\/#webpage\"},\"articleSection\":\"Stra\\u00dfe\"},{\"@type\":\"BreadcrumbList\",\"@id\":\"https:\\\/\\\/www.werkskapelle.de\\\/index.php\\\/neue-fotos-zum-jubilaeum\\\/#breadcrumblist\",\"itemListElement\":[{\"@type\":\"ListItem\",\"@id\":\"https:\\\/\\\/www.werkskapelle.de#listItem\",\"position\":1,\"name\":\"Home\",\"item\":\"https:\\\/\\\/www.werkskapelle.de\",\"nextItem\":{\"@type\":\"ListItem\",\"@id\":\"https:\\\/\\\/www.werkskapelle.de\\\/index.php\\\/category\\\/strasse\\\/#listItem\",\"name\":\"Stra\\u00dfe\"}},{\"@type\":\"ListItem\",\"@id\":\"https:\\\/\\\/www.werkskapelle.de\\\/index.php\\\/category\\\/strasse\\\/#listItem\",\"position\":2,\"name\":\"Stra\\u00dfe\",\"item\":\"https:\\\/\\\/www.werkskapelle.de\\\/index.php\\\/category\\\/strasse\\\/\",\"nextItem\":{\"@type\":\"ListItem\",\"@id\":\"https:\\\/\\\/www.werkskapelle.de\\\/index.php\\\/neue-fotos-zum-jubilaeum\\\/#listItem\",\"name\":\"Neue Fotos zum Jubil\\u00e4um\"},\"previousItem\":{\"@type\":\"ListItem\",\"@id\":\"https:\\\/\\\/www.werkskapelle.de#listItem\",\"name\":\"Home\"}},{\"@type\":\"ListItem\",\"@id\":\"https:\\\/\\\/www.werkskapelle.de\\\/index.php\\\/neue-fotos-zum-jubilaeum\\\/#listItem\",\"position\":3,\"name\":\"Neue Fotos zum Jubil\\u00e4um\",\"previousItem\":{\"@type\":\"ListItem\",\"@id\":\"https:\\\/\\\/www.werkskapelle.de\\\/index.php\\\/category\\\/strasse\\\/#listItem\",\"name\":\"Stra\\u00dfe\"}}]},{\"@type\":\"Organization\",\"@id\":\"https:\\\/\\\/www.werkskapelle.de\\\/#organization\",\"name\":\"Werkskapelle B\\u00f6hler D\\u00fcsseldorf\",\"description\":\"Sinfonisches Blasorchester B\\u00f6hler\",\"url\":\"https:\\\/\\\/www.werkskapelle.de\\\/\",\"sameAs\":[\"https:\\\/\\\/facebook.com\\\/werkskapelle\\\/\",\"https:\\\/\\\/www.instagram.com\\\/werkskapelleboehler\\\/\"]},{\"@type\":\"Person\",\"@id\":\"https:\\\/\\\/www.werkskapelle.de\\\/index.php\\\/author\\\/niklas\\\/#author\",\"url\":\"https:\\\/\\\/www.werkskapelle.de\\\/index.php\\\/author\\\/niklas\\\/\",\"name\":\"Niklas Gorgs\",\"image\":{\"@type\":\"ImageObject\",\"@id\":\"https:\\\/\\\/www.werkskapelle.de\\\/index.php\\\/neue-fotos-zum-jubilaeum\\\/#authorImage\",\"url\":\"https:\\\/\\\/secure.gravatar.com\\\/avatar\\\/38470973b07216d68e725e55fbe20331?s=96&d=mm&r=g\",\"width\":96,\"height\":96,\"caption\":\"Niklas Gorgs\"}},{\"@type\":\"WebPage\",\"@id\":\"https:\\\/\\\/www.werkskapelle.de\\\/index.php\\\/neue-fotos-zum-jubilaeum\\\/#webpage\",\"url\":\"https:\\\/\\\/www.werkskapelle.de\\\/index.php\\\/neue-fotos-zum-jubilaeum\\\/\",\"name\":\"Neue Fotos zum Jubil\\u00e4um - Werkskapelle B\\u00f6hler D\\u00fcsseldorf\",\"description\":\"P\\u00fcnktlich zum 90. Geburtstag der Werkskapelle sind nun auch die offiziellen Fotos der Musikerinnen und Musiker verf\\u00fcgbar. Neben dem Jubil\\u00e4umspin und der Festschrift, k\\u00f6nnen nun auch die Register, der Vorstand und der Kapellmeister im Jubil\\u00e4umsjahr betrachtet werden. Alle Fotos sind jetzt unter MEDIA zu finden. #\",\"inLanguage\":\"de-DE\",\"isPartOf\":{\"@id\":\"https:\\\/\\\/www.werkskapelle.de\\\/#website\"},\"breadcrumb\":{\"@id\":\"https:\\\/\\\/www.werkskapelle.de\\\/index.php\\\/neue-fotos-zum-jubilaeum\\\/#breadcrumblist\"},\"author\":{\"@id\":\"https:\\\/\\\/www.werkskapelle.de\\\/index.php\\\/author\\\/niklas\\\/#author\"},\"creator\":{\"@id\":\"https:\\\/\\\/www.werkskapelle.de\\\/index.php\\\/author\\\/niklas\\\/#author\"},\"image\":{\"@type\":\"ImageObject\",\"url\":\"https:\\\/\\\/www.werkskapelle.de\\\/wp-content\\\/uploads\\\/2023\\\/09\\\/20230903-CYG07620.jpg\",\"@id\":\"https:\\\/\\\/www.werkskapelle.de\\\/index.php\\\/neue-fotos-zum-jubilaeum\\\/#mainImage\",\"width\":6000,\"height\":4000},\"primaryImageOfPage\":{\"@id\":\"https:\\\/\\\/www.werkskapelle.de\\\/index.php\\\/neue-fotos-zum-jubilaeum\\\/#mainImage\"},\"datePublished\":\"2023-09-29T15:02:35+02:00\",\"dateModified\":\"2023-10-17T11:42:14+02:00\"},{\"@type\":\"WebSite\",\"@id\":\"https:\\\/\\\/www.werkskapelle.de\\\/#website\",\"url\":\"https:\\\/\\\/www.werkskapelle.de\\\/\",\"name\":\"Werkskapelle B\\u00f6hler D\\u00fcsseldorf\",\"description\":\"Sinfonisches Blasorchester B\\u00f6hler\",\"inLanguage\":\"de-DE\",\"publisher\":{\"@id\":\"https:\\\/\\\/www.werkskapelle.de\\\/#organization\"}}]}\n\t\t<\/script>\n\t\t<!-- All in One SEO -->\n\n","aioseo_head_json":{"title":"Neue Fotos zum Jubil\u00e4um - Werkskapelle B\u00f6hler D\u00fcsseldorf","description":"P\u00fcnktlich zum 90. Geburtstag der Werkskapelle sind nun auch die offiziellen Fotos der Musikerinnen und Musiker verf\u00fcgbar. Neben dem Jubil\u00e4umspin und der Festschrift, k\u00f6nnen nun auch die Register, der Vorstand und der Kapellmeister im Jubil\u00e4umsjahr betrachtet werden. Alle Fotos sind jetzt unter MEDIA zu finden. #","canonical_url":"https:\/\/www.werkskapelle.de\/index.php\/neue-fotos-zum-jubilaeum\/","robots":"max-image-preview:large","keywords":"","webmasterTools":{"miscellaneous":""},"schema":{"@context":"https:\/\/schema.org","@graph":[{"@type":"BlogPosting","@id":"https:\/\/www.werkskapelle.de\/index.php\/neue-fotos-zum-jubilaeum\/#blogposting","name":"Neue Fotos zum Jubil\u00e4um - Werkskapelle B\u00f6hler D\u00fcsseldorf","headline":"Neue Fotos zum Jubil\u00e4um","author":{"@id":"https:\/\/www.werkskapelle.de\/index.php\/author\/niklas\/#author"},"publisher":{"@id":"https:\/\/www.werkskapelle.de\/#organization"},"image":{"@type":"ImageObject","url":"https:\/\/www.werkskapelle.de\/wp-content\/uploads\/2023\/09\/20230903-CYG07620.jpg","width":6000,"height":4000},"datePublished":"2023-09-29T15:02:35+02:00","dateModified":"2023-10-17T11:42:14+02:00","inLanguage":"de-DE","mainEntityOfPage":{"@id":"https:\/\/www.werkskapelle.de\/index.php\/neue-fotos-zum-jubilaeum\/#webpage"},"isPartOf":{"@id":"https:\/\/www.werkskapelle.de\/index.php\/neue-fotos-zum-jubilaeum\/#webpage"},"articleSection":"Stra\u00dfe"},{"@type":"BreadcrumbList","@id":"https:\/\/www.werkskapelle.de\/index.php\/neue-fotos-zum-jubilaeum\/#breadcrumblist","itemListElement":[{"@type":"ListItem","@id":"https:\/\/www.werkskapelle.de#listItem","position":1,"name":"Home","item":"https:\/\/www.werkskapelle.de","nextItem":{"@type":"ListItem","@id":"https:\/\/www.werkskapelle.de\/index.php\/category\/strasse\/#listItem","name":"Stra\u00dfe"}},{"@type":"ListItem","@id":"https:\/\/www.werkskapelle.de\/index.php\/category\/strasse\/#listItem","position":2,"name":"Stra\u00dfe","item":"https:\/\/www.werkskapelle.de\/index.php\/category\/strasse\/","nextItem":{"@type":"ListItem","@id":"https:\/\/www.werkskapelle.de\/index.php\/neue-fotos-zum-jubilaeum\/#listItem","name":"Neue Fotos zum Jubil\u00e4um"},"previousItem":{"@type":"ListItem","@id":"https:\/\/www.werkskapelle.de#listItem","name":"Home"}},{"@type":"ListItem","@id":"https:\/\/www.werkskapelle.de\/index.php\/neue-fotos-zum-jubilaeum\/#listItem","position":3,"name":"Neue Fotos zum Jubil\u00e4um","previousItem":{"@type":"ListItem","@id":"https:\/\/www.werkskapelle.de\/index.php\/category\/strasse\/#listItem","name":"Stra\u00dfe"}}]},{"@type":"Organization","@id":"https:\/\/www.werkskapelle.de\/#organization","name":"Werkskapelle B\u00f6hler D\u00fcsseldorf","description":"Sinfonisches Blasorchester B\u00f6hler","url":"https:\/\/www.werkskapelle.de\/","sameAs":["https:\/\/facebook.com\/werkskapelle\/","https:\/\/www.instagram.com\/werkskapelleboehler\/"]},{"@type":"Person","@id":"https:\/\/www.werkskapelle.de\/index.php\/author\/niklas\/#author","url":"https:\/\/www.werkskapelle.de\/index.php\/author\/niklas\/","name":"Niklas Gorgs","image":{"@type":"ImageObject","@id":"https:\/\/www.werkskapelle.de\/index.php\/neue-fotos-zum-jubilaeum\/#authorImage","url":"https:\/\/secure.gravatar.com\/avatar\/38470973b07216d68e725e55fbe20331?s=96&d=mm&r=g","width":96,"height":96,"caption":"Niklas Gorgs"}},{"@type":"WebPage","@id":"https:\/\/www.werkskapelle.de\/index.php\/neue-fotos-zum-jubilaeum\/#webpage","url":"https:\/\/www.werkskapelle.de\/index.php\/neue-fotos-zum-jubilaeum\/","name":"Neue Fotos zum Jubil\u00e4um - Werkskapelle B\u00f6hler D\u00fcsseldorf","description":"P\u00fcnktlich zum 90. Geburtstag der Werkskapelle sind nun auch die offiziellen Fotos der Musikerinnen und Musiker verf\u00fcgbar. Neben dem Jubil\u00e4umspin und der Festschrift, k\u00f6nnen nun auch die Register, der Vorstand und der Kapellmeister im Jubil\u00e4umsjahr betrachtet werden. Alle Fotos sind jetzt unter MEDIA zu finden. #","inLanguage":"de-DE","isPartOf":{"@id":"https:\/\/www.werkskapelle.de\/#website"},"breadcrumb":{"@id":"https:\/\/www.werkskapelle.de\/index.php\/neue-fotos-zum-jubilaeum\/#breadcrumblist"},"author":{"@id":"https:\/\/www.werkskapelle.de\/index.php\/author\/niklas\/#author"},"creator":{"@id":"https:\/\/www.werkskapelle.de\/index.php\/author\/niklas\/#author"},"image":{"@type":"ImageObject","url":"https:\/\/www.werkskapelle.de\/wp-content\/uploads\/2023\/09\/20230903-CYG07620.jpg","@id":"https:\/\/www.werkskapelle.de\/index.php\/neue-fotos-zum-jubilaeum\/#mainImage","width":6000,"height":4000},"primaryImageOfPage":{"@id":"https:\/\/www.werkskapelle.de\/index.php\/neue-fotos-zum-jubilaeum\/#mainImage"},"datePublished":"2023-09-29T15:02:35+02:00","dateModified":"2023-10-17T11:42:14+02:00"},{"@type":"WebSite","@id":"https:\/\/www.werkskapelle.de\/#website","url":"https:\/\/www.werkskapelle.de\/","name":"Werkskapelle B\u00f6hler D\u00fcsseldorf","description":"Sinfonisches Blasorchester B\u00f6hler","inLanguage":"de-DE","publisher":{"@id":"https:\/\/www.werkskapelle.de\/#organization"}}]},"og:locale":"de_DE","og:site_name":"Werkskapelle B\u00f6hler D\u00fcsseldorf - Sinfonisches Blasorchester B\u00f6hler","og:type":"article","og:title":"Neue Fotos zum Jubil\u00e4um - Werkskapelle B\u00f6hler D\u00fcsseldorf","og:description":"P\u00fcnktlich zum 90. Geburtstag der Werkskapelle sind nun auch die offiziellen Fotos der Musikerinnen und Musiker verf\u00fcgbar. Neben dem Jubil\u00e4umspin und der Festschrift, k\u00f6nnen nun auch die Register, der Vorstand und der Kapellmeister im Jubil\u00e4umsjahr betrachtet werden. Alle Fotos sind jetzt unter MEDIA zu finden. #","og:url":"https:\/\/www.werkskapelle.de\/index.php\/neue-fotos-zum-jubilaeum\/","og:image":"https:\/\/www.werkskapelle.de\/wp-content\/uploads\/2016\/01\/cropped-Logo2016-09.png","og:image:secure_url":"https:\/\/www.werkskapelle.de\/wp-content\/uploads\/2016\/01\/cropped-Logo2016-09.png","og:image:width":512,"og:image:height":512,"article:published_time":"2023-09-29T13:02:35+00:00","article:modified_time":"2023-10-17T09:42:14+00:00","article:publisher":"https:\/\/facebook.com\/werkskapelle\/","twitter:card":"summary_large_image","twitter:title":"Neue Fotos zum Jubil\u00e4um - Werkskapelle B\u00f6hler D\u00fcsseldorf","twitter:description":"P\u00fcnktlich zum 90. Geburtstag der Werkskapelle sind nun auch die offiziellen Fotos der Musikerinnen und Musiker verf\u00fcgbar. Neben dem Jubil\u00e4umspin und der Festschrift, k\u00f6nnen nun auch die Register, der Vorstand und der Kapellmeister im Jubil\u00e4umsjahr betrachtet werden. Alle Fotos sind jetzt unter MEDIA zu finden. #","twitter:image":"https:\/\/www.werkskapelle.de\/wp-content\/uploads\/2016\/01\/cropped-Logo2016-09.png"},"aioseo_meta_data":{"post_id":"3216","title":null,"description":null,"keywords":[],"keyphrases":{"focus":{"keyphrase":"","score":0,"analysis":{"keyphraseInTitle":{"score":0,"maxScore":9,"error":1}}},"additional":[]},"primary_term":null,"canonical_url":null,"og_title":null,"og_description":null,"og_object_type":"default","og_image_type":"default","og_image_url":null,"og_image_width":null,"og_image_height":null,"og_image_custom_url":null,"og_image_custom_fields":null,"og_video":"","og_custom_url":null,"og_article_section":null,"og_article_tags":[],"twitter_use_og":false,"twitter_card":"default","twitter_image_type":"default","twitter_image_url":null,"twitter_image_custom_url":null,"twitter_image_custom_fields":null,"twitter_title":null,"twitter_description":null,"schema":{"blockGraphs":[],"customGraphs":[],"default":{"data":{"Article":[],"Course":[],"Dataset":[],"FAQPage":[],"Movie":[],"Person":[],"Product":[],"ProductReview":[],"Car":[],"Recipe":[],"Service":[],"SoftwareApplication":[],"WebPage":[]},"graphName":"","isEnabled":true},"graphs":[]},"schema_type":"default","schema_type_options":null,"pillar_content":false,"robots_default":true,"robots_noindex":false,"robots_noarchive":false,"robots_nosnippet":false,"robots_nofollow":false,"robots_noimageindex":false,"robots_noodp":false,"robots_notranslate":false,"robots_max_snippet":"-1","robots_max_videopreview":"-1","robots_max_imagepreview":"large","priority":null,"frequency":"default","local_seo":null,"limit_modified_date":false,"created":"2023-09-29 13:02:36","updated":"2026-07-08 17:23:04","ai":null,"breadcrumb_settings":null,"seo_analyzer_scan_date":null},"aioseo_breadcrumb":"<div class=\"aioseo-breadcrumbs\"><span class=\"aioseo-breadcrumb\">\n\t\t\t<a href=\"https:\/\/www.werkskapelle.de\" title=\"Home\">Home<\/a>\n\t\t<\/span><span class=\"aioseo-breadcrumb-separator\">&raquo;<\/span><span class=\"aioseo-breadcrumb\">\n\t\t\t<a href=\"https:\/\/www.werkskapelle.de\/index.php\/category\/strasse\/\" title=\"Stra\u00dfe\">Stra\u00dfe<\/a>\n\t\t<\/span><span class=\"aioseo-breadcrumb-separator\">&raquo;<\/span><span class=\"aioseo-breadcrumb\">\n\t\t\tNeue Fotos zum Jubil\u00e4um\n\t\t<\/span><\/div>","aioseo_breadcrumb_json":[{"label":"Home","link":"https:\/\/www.werkskapelle.de"},{"label":"Stra\u00dfe","link":"https:\/\/www.werkskapelle.de\/index.php\/category\/strasse\/"},{"label":"Neue Fotos zum Jubil\u00e4um","link":"https:\/\/www.werkskapelle.de\/index.php\/neue-fotos-zum-jubilaeum\/"}],"_links":{"self":[{"href":"https:\/\/www.werkskapelle.de\/index.php\/wp-json\/wp\/v2\/posts\/3216"}],"collection":[{"href":"https:\/\/www.werkskapelle.de\/index.php\/wp-json\/wp\/v2\/posts"}],"about":[{"href":"https:\/\/www.werkskapelle.de\/index.php\/wp-json\/wp\/v2\/types\/post"}],"author":[{"embeddable":true,"href":"https:\/\/www.werkskapelle.de\/index.php\/wp-json\/wp\/v2\/users\/6"}],"replies":[{"embeddable":true,"href":"https:\/\/www.werkskapelle.de\/index.php\/wp-json\/wp\/v2\/comments?post=3216"}],"version-history":[{"count":9,"href":"https:\/\/www.werkskapelle.de\/index.php\/wp-json\/wp\/v2\/posts\/3216\/revisions"}],"predecessor-version":[{"id":3277,"href":"https:\/\/www.werkskapelle.de\/index.php\/wp-json\/wp\/v2\/posts\/3216\/revisions\/3277"}],"wp:featuredmedia":[{"embeddable":true,"href":"https:\/\/www.werkskapelle.de\/index.php\/wp-json\/wp\/v2\/media\/3202"}],"wp:attachment":[{"href":"https:\/\/www.werkskapelle.de\/index.php\/wp-json\/wp\/v2\/media?parent=3216"}],"wp:term":[{"taxonomy":"category","embeddable":true,"href":"https:\/\/www.werkskapelle.de\/index.php\/wp-json\/wp\/v2\/categories?post=3216"},{"taxonomy":"post_tag","embeddable":true,"href":"https:\/\/www.werkskapelle.de\/index.php\/wp-json\/wp\/v2\/tags?post=3216"}],"curies":[{"name":"wp","href":"https:\/\/api.w.org\/{rel}","templated":true}]}}